{"@context":"https:\/\/schema.org\/","@type":"CollectionPage","@id":"https:\/\/www.gedeco.cz\/ekonomika\/#CollectionPage","headline":"Ekonomika Category","description":"","url":"https:\/\/www.gedeco.cz\/ekonomika\/","hasPart":[{"@type":"Article","@id":"https:\/\/www.gedeco.cz\/s-penezi-to-byva-slozite\/","headline":"S pen\u011bzi to b\u00fdv\u00e1 slo\u017eit\u00e9","url":"https:\/\/www.gedeco.cz\/s-penezi-to-byva-slozite\/","datePublished":"2022-07-08","dateModified":"2023-04-30","mainEntityOfPage":"https:\/\/www.gedeco.cz\/s-penezi-to-byva-slozite\/","author":{"@type":"Person","@id":"https:\/\/www.gedeco.cz\/author\/#Person","name":"","url":"https:\/\/www.gedeco.cz\/author\/","identifier":1,"image":{"@type":"ImageObject","@id":"https:\/\/secure.gravatar.com\/avatar\/d693d76da4b3c2905ed32515295d3c5b2b37600a891f276917d3d592948bcc60?s=96&d=mm&r=g","url":"https:\/\/secure.gravatar.com\/avatar\/d693d76da4b3c2905ed32515295d3c5b2b37600a891f276917d3d592948bcc60?s=96&d=mm&r=g","height":96,"width":96}},"publisher":{"@type":"Organization","name":"gedeco.cz","logo":{"@type":"ImageObject","@id":"\/logo.png","url":"\/logo.png","width":600,"height":60}},"image":{"@type":"ImageObject","@id":"https:\/\/gedeco.cz\/wp-content\/uploads\/kreslen%C3%A9%20dolary_9.png","url":"https:\/\/gedeco.cz\/wp-content\/uploads\/kreslen%C3%A9%20dolary_9.png","height":"","width":""},"keywords":null},{"@type":"Article","@id":"https:\/\/www.gedeco.cz\/mit-penize-neni-samozrejmost\/","headline":"M\u00edt pen\u00edze nen\u00ed samoz\u0159ejmost","url":"https:\/\/www.gedeco.cz\/mit-penize-neni-samozrejmost\/","datePublished":"2021-10-29","dateModified":"2023-04-30","mainEntityOfPage":"https:\/\/www.gedeco.cz\/mit-penize-neni-samozrejmost\/","author":{"@type":"Person","@id":"https:\/\/www.gedeco.cz\/author\/#Person","name":"","url":"https:\/\/www.gedeco.cz\/author\/","identifier":1,"image":{"@type":"ImageObject","@id":"https:\/\/secure.gravatar.com\/avatar\/d693d76da4b3c2905ed32515295d3c5b2b37600a891f276917d3d592948bcc60?s=96&d=mm&r=g","url":"https:\/\/secure.gravatar.com\/avatar\/d693d76da4b3c2905ed32515295d3c5b2b37600a891f276917d3d592948bcc60?s=96&d=mm&r=g","height":96,"width":96}},"publisher":{"@type":"Organization","name":"gedeco.cz","logo":{"@type":"ImageObject","@id":"\/logo.png","url":"\/logo.png","width":600,"height":60}},"image":{"@type":"ImageObject","@id":"https:\/\/gedeco.cz\/wp-content\/uploads\/m%C4%9Bna%20EU_5.jpg","url":"https:\/\/gedeco.cz\/wp-content\/uploads\/m%C4%9Bna%20EU_5.jpg","height":"","width":""},"keywords":null},{"@type":"Article","@id":"https:\/\/www.gedeco.cz\/bez-placeni-by-to-neslo\/","headline":"Bez placen\u00ed by to ne\u0161lo","url":"https:\/\/www.gedeco.cz\/bez-placeni-by-to-neslo\/","datePublished":"2021-02-19","dateModified":"2023-04-30","mainEntityOfPage":"https:\/\/www.gedeco.cz\/bez-placeni-by-to-neslo\/","author":{"@type":"Person","@id":"https:\/\/www.gedeco.cz\/author\/#Person","name":"","url":"https:\/\/www.gedeco.cz\/author\/","identifier":1,"image":{"@type":"ImageObject","@id":"https:\/\/secure.gravatar.com\/avatar\/d693d76da4b3c2905ed32515295d3c5b2b37600a891f276917d3d592948bcc60?s=96&d=mm&r=g","url":"https:\/\/secure.gravatar.com\/avatar\/d693d76da4b3c2905ed32515295d3c5b2b37600a891f276917d3d592948bcc60?s=96&d=mm&r=g","height":96,"width":96}},"publisher":{"@type":"Organization","name":"gedeco.cz","logo":{"@type":"ImageObject","@id":"\/logo.png","url":"\/logo.png","width":600,"height":60}},"image":{"@type":"ImageObject","@id":"https:\/\/gedeco.cz\/wp-content\/uploads\/eura%20obr%C3%A1zek.jpg","url":"https:\/\/gedeco.cz\/wp-content\/uploads\/eura%20obr%C3%A1zek.jpg","height":"","width":""},"keywords":null},{"@type":"Article","@id":"https:\/\/www.gedeco.cz\/ne-vzdy-je-podnikani-vynosne\/","headline":"Ne v\u017edy je podnik\u00e1n\u00ed v\u00fdnosn\u00e9","url":"https:\/\/www.gedeco.cz\/ne-vzdy-je-podnikani-vynosne\/","datePublished":"2020-08-14","dateModified":"2023-04-30","mainEntityOfPage":"https:\/\/www.gedeco.cz\/ne-vzdy-je-podnikani-vynosne\/","author":{"@type":"Person","@id":"https:\/\/www.gedeco.cz\/author\/#Person","name":"","url":"https:\/\/www.gedeco.cz\/author\/","identifier":1,"image":{"@type":"ImageObject","@id":"https:\/\/secure.gravatar.com\/avatar\/d693d76da4b3c2905ed32515295d3c5b2b37600a891f276917d3d592948bcc60?s=96&d=mm&r=g","url":"https:\/\/secure.gravatar.com\/avatar\/d693d76da4b3c2905ed32515295d3c5b2b37600a891f276917d3d592948bcc60?s=96&d=mm&r=g","height":96,"width":96}},"publisher":{"@type":"Organization","name":"gedeco.cz","logo":{"@type":"ImageObject","@id":"\/logo.png","url":"\/logo.png","width":600,"height":60}},"image":{"@type":"ImageObject","@id":"https:\/\/gedeco.cz\/wp-content\/uploads\/kreslen%C3%A1%20eura.png","url":"https:\/\/gedeco.cz\/wp-content\/uploads\/kreslen%C3%A1%20eura.png","height":"","width":""},"keywords":null},{"@type":"Article","@id":"https:\/\/www.gedeco.cz\/kdo-je-bez-viny\/","headline":"Kdo je bez viny","url":"https:\/\/www.gedeco.cz\/kdo-je-bez-viny\/","datePublished":"2019-12-07","dateModified":"2023-04-30","mainEntityOfPage":"https:\/\/www.gedeco.cz\/kdo-je-bez-viny\/","author":{"@type":"Person","@id":"https:\/\/www.gedeco.cz\/author\/#Person","name":"","url":"https:\/\/www.gedeco.cz\/author\/","identifier":1,"image":{"@type":"ImageObject","@id":"https:\/\/secure.gravatar.com\/avatar\/d693d76da4b3c2905ed32515295d3c5b2b37600a891f276917d3d592948bcc60?s=96&d=mm&r=g","url":"https:\/\/secure.gravatar.com\/avatar\/d693d76da4b3c2905ed32515295d3c5b2b37600a891f276917d3d592948bcc60?s=96&d=mm&r=g","height":96,"width":96}},"publisher":{"@type":"Organization","name":"gedeco.cz","logo":{"@type":"ImageObject","@id":"\/logo.png","url":"\/logo.png","width":600,"height":60}},"image":{"@type":"ImageObject","@id":"https:\/\/www.gedeco.cz\/wp-content\/uploads\/img_a377726_w3677_t1589263524.jpg","url":"https:\/\/www.gedeco.cz\/wp-content\/uploads\/img_a377726_w3677_t1589263524.jpg","height":0,"width":0},"keywords":null},{"@type":"Article","@id":"https:\/\/www.gedeco.cz\/uzitecna-dotace-pro-budoucnost-nasi-krajiny\/","headline":"U\u017eite\u010dn\u00e1 dotace pro budoucnost na\u0161\u00ed krajiny","url":"https:\/\/www.gedeco.cz\/uzitecna-dotace-pro-budoucnost-nasi-krajiny\/","datePublished":"2019-11-06","dateModified":"2023-04-30","mainEntityOfPage":"https:\/\/www.gedeco.cz\/uzitecna-dotace-pro-budoucnost-nasi-krajiny\/","author":{"@type":"Person","@id":"https:\/\/www.gedeco.cz\/author\/#Person","name":"","url":"https:\/\/www.gedeco.cz\/author\/","identifier":1,"image":{"@type":"ImageObject","@id":"https:\/\/secure.gravatar.com\/avatar\/d693d76da4b3c2905ed32515295d3c5b2b37600a891f276917d3d592948bcc60?s=96&d=mm&r=g","url":"https:\/\/secure.gravatar.com\/avatar\/d693d76da4b3c2905ed32515295d3c5b2b37600a891f276917d3d592948bcc60?s=96&d=mm&r=g","height":96,"width":96}},"publisher":{"@type":"Organization","name":"gedeco.cz","logo":{"@type":"ImageObject","@id":"\/logo.png","url":"\/logo.png","width":600,"height":60}},"image":{"@type":"ImageObject","@id":"https:\/\/www.gedeco.cz\/wp-content\/uploads\/img_a361879_w3677_t1574933978.jpg","url":"https:\/\/www.gedeco.cz\/wp-content\/uploads\/img_a361879_w3677_t1574933978.jpg","height":0,"width":0},"keywords":null},{"@type":"Article","@id":"https:\/\/www.gedeco.cz\/uver-ktery-vam-poskytne-finance\/","headline":"\u00dav\u011br, kter\u00fd v\u00e1m poskytne finance","url":"https:\/\/www.gedeco.cz\/uver-ktery-vam-poskytne-finance\/","datePublished":"2018-08-25","dateModified":"2023-04-30","mainEntityOfPage":"https:\/\/www.gedeco.cz\/uver-ktery-vam-poskytne-finance\/","author":{"@type":"Person","@id":"https:\/\/www.gedeco.cz\/author\/#Person","name":"","url":"https:\/\/www.gedeco.cz\/author\/","identifier":1,"image":{"@type":"ImageObject","@id":"https:\/\/secure.gravatar.com\/avatar\/d693d76da4b3c2905ed32515295d3c5b2b37600a891f276917d3d592948bcc60?s=96&d=mm&r=g","url":"https:\/\/secure.gravatar.com\/avatar\/d693d76da4b3c2905ed32515295d3c5b2b37600a891f276917d3d592948bcc60?s=96&d=mm&r=g","height":96,"width":96}},"publisher":{"@type":"Organization","name":"gedeco.cz","logo":{"@type":"ImageObject","@id":"\/logo.png","url":"\/logo.png","width":600,"height":60}},"image":{"@type":"ImageObject","@id":"https:\/\/www.gedeco.cz\/wp-content\/uploads\/img_a323310_w2206_t1535014361.jpg","url":"https:\/\/www.gedeco.cz\/wp-content\/uploads\/img_a323310_w2206_t1535014361.jpg","height":0,"width":0},"keywords":null},{"@type":"Article","@id":"https:\/\/www.gedeco.cz\/zivotni-standard-na-zapade\/","headline":"\u017divotn\u00ed standard na z\u00e1pad\u011b","url":"https:\/\/www.gedeco.cz\/zivotni-standard-na-zapade\/","datePublished":"2016-10-07","dateModified":"2023-04-30","mainEntityOfPage":"https:\/\/www.gedeco.cz\/zivotni-standard-na-zapade\/","author":{"@type":"Person","@id":"https:\/\/www.gedeco.cz\/author\/#Person","name":"","url":"https:\/\/www.gedeco.cz\/author\/","identifier":1,"image":{"@type":"ImageObject","@id":"https:\/\/secure.gravatar.com\/avatar\/d693d76da4b3c2905ed32515295d3c5b2b37600a891f276917d3d592948bcc60?s=96&d=mm&r=g","url":"https:\/\/secure.gravatar.com\/avatar\/d693d76da4b3c2905ed32515295d3c5b2b37600a891f276917d3d592948bcc60?s=96&d=mm&r=g","height":96,"width":96}},"publisher":{"@type":"Organization","name":"gedeco.cz","logo":{"@type":"ImageObject","@id":"\/logo.png","url":"\/logo.png","width":600,"height":60}},"image":{"@type":"ImageObject","@id":"https:\/\/www.gedeco.cz\/wp-content\/uploads\/img_a277752_w3677_t1601810745.jpg","url":"https:\/\/www.gedeco.cz\/wp-content\/uploads\/img_a277752_w3677_t1601810745.jpg","height":0,"width":0},"keywords":null}]}