{"@context":"https:\/\/schema.org\/","@type":"CollectionPage","@id":"https:\/\/www.gedeco.cz\/firmy\/#CollectionPage","headline":"Firmy Category","description":"","url":"https:\/\/www.gedeco.cz\/firmy\/","hasPart":[{"@type":"Article","@id":"https:\/\/www.gedeco.cz\/rezervace-stolniho-tenisu-pres-rezervacni-system\/","headline":"Rezervace stoln\u00edho tenisu p\u0159es rezerva\u010dn\u00ed syst\u00e9m","url":"https:\/\/www.gedeco.cz\/rezervace-stolniho-tenisu-pres-rezervacni-system\/","datePublished":"2026-01-01","dateModified":"2026-01-01","mainEntityOfPage":"https:\/\/www.gedeco.cz\/rezervace-stolniho-tenisu-pres-rezervacni-system\/","author":{"@type":"Person","@id":"https:\/\/www.gedeco.cz\/author\/#Person","name":"","url":"https:\/\/www.gedeco.cz\/author\/","identifier":1,"image":{"@type":"ImageObject","@id":"https:\/\/secure.gravatar.com\/avatar\/d693d76da4b3c2905ed32515295d3c5b2b37600a891f276917d3d592948bcc60?s=96&d=mm&r=g","url":"https:\/\/secure.gravatar.com\/avatar\/d693d76da4b3c2905ed32515295d3c5b2b37600a891f276917d3d592948bcc60?s=96&d=mm&r=g","height":96,"width":96}},"publisher":{"@type":"Organization","name":"gedeco.cz","logo":{"@type":"ImageObject","@id":"\/logo.png","url":"\/logo.png","width":600,"height":60}},"image":{"@type":"ImageObject","@id":"https:\/\/www.gedeco.cz\/wp-content\/uploads\/markus_vockrodt-sports-3097621_640.jpg","url":"https:\/\/www.gedeco.cz\/wp-content\/uploads\/markus_vockrodt-sports-3097621_640.jpg","height":0,"width":0},"keywords":null},{"@type":"Article","@id":"https:\/\/www.gedeco.cz\/chranme-si-sve-soukromi\/","headline":"Chra\u0148me si sv\u00e9 soukrom\u00ed!","url":"https:\/\/www.gedeco.cz\/chranme-si-sve-soukromi\/","datePublished":"2025-11-17","dateModified":"2025-11-17","mainEntityOfPage":"https:\/\/www.gedeco.cz\/chranme-si-sve-soukromi\/","author":{"@type":"Person","@id":"https:\/\/www.gedeco.cz\/author\/#Person","name":"","url":"https:\/\/www.gedeco.cz\/author\/","identifier":1,"image":{"@type":"ImageObject","@id":"https:\/\/secure.gravatar.com\/avatar\/d693d76da4b3c2905ed32515295d3c5b2b37600a891f276917d3d592948bcc60?s=96&d=mm&r=g","url":"https:\/\/secure.gravatar.com\/avatar\/d693d76da4b3c2905ed32515295d3c5b2b37600a891f276917d3d592948bcc60?s=96&d=mm&r=g","height":96,"width":96}},"publisher":{"@type":"Organization","name":"gedeco.cz","logo":{"@type":"ImageObject","@id":"\/logo.png","url":"\/logo.png","width":600,"height":60}},"image":{"@type":"ImageObject","@id":"https:\/\/www.gedeco.cz\/wp-content\/uploads\/private-1647769_640.jpg","url":"https:\/\/www.gedeco.cz\/wp-content\/uploads\/private-1647769_640.jpg","height":0,"width":0},"keywords":null},{"@type":"Article","@id":"https:\/\/www.gedeco.cz\/jdeme-na-koncert-ve-spanelske-synagoze\/","headline":"Jdeme na koncert ve \u0160pan\u011blsk\u00e9 synagoze","url":"https:\/\/www.gedeco.cz\/jdeme-na-koncert-ve-spanelske-synagoze\/","datePublished":"2025-07-08","dateModified":"2025-07-08","mainEntityOfPage":"https:\/\/www.gedeco.cz\/jdeme-na-koncert-ve-spanelske-synagoze\/","author":{"@type":"Person","@id":"https:\/\/www.gedeco.cz\/author\/#Person","name":"","url":"https:\/\/www.gedeco.cz\/author\/","identifier":1,"image":{"@type":"ImageObject","@id":"https:\/\/secure.gravatar.com\/avatar\/d693d76da4b3c2905ed32515295d3c5b2b37600a891f276917d3d592948bcc60?s=96&d=mm&r=g","url":"https:\/\/secure.gravatar.com\/avatar\/d693d76da4b3c2905ed32515295d3c5b2b37600a891f276917d3d592948bcc60?s=96&d=mm&r=g","height":96,"width":96}},"publisher":{"@type":"Organization","name":"gedeco.cz","logo":{"@type":"ImageObject","@id":"\/logo.png","url":"\/logo.png","width":600,"height":60}},"image":{"@type":"ImageObject","@id":"https:\/\/www.gedeco.cz\/wp-content\/uploads\/bowed-instrument-1853324_640_9.jpg","url":"https:\/\/www.gedeco.cz\/wp-content\/uploads\/bowed-instrument-1853324_640_9.jpg","height":0,"width":0},"keywords":null},{"@type":"Article","@id":"https:\/\/www.gedeco.cz\/pozor-na-kuny\/","headline":"Pozor na kuny","url":"https:\/\/www.gedeco.cz\/pozor-na-kuny\/","datePublished":"2025-07-06","dateModified":"2025-07-06","mainEntityOfPage":"https:\/\/www.gedeco.cz\/pozor-na-kuny\/","author":{"@type":"Person","@id":"https:\/\/www.gedeco.cz\/author\/#Person","name":"","url":"https:\/\/www.gedeco.cz\/author\/","identifier":1,"image":{"@type":"ImageObject","@id":"https:\/\/secure.gravatar.com\/avatar\/d693d76da4b3c2905ed32515295d3c5b2b37600a891f276917d3d592948bcc60?s=96&d=mm&r=g","url":"https:\/\/secure.gravatar.com\/avatar\/d693d76da4b3c2905ed32515295d3c5b2b37600a891f276917d3d592948bcc60?s=96&d=mm&r=g","height":96,"width":96}},"publisher":{"@type":"Organization","name":"gedeco.cz","logo":{"@type":"ImageObject","@id":"\/logo.png","url":"\/logo.png","width":600,"height":60}},"image":{"@type":"ImageObject","@id":"https:\/\/www.gedeco.cz\/wp-content\/uploads\/nature-938521_640_1.jpg","url":"https:\/\/www.gedeco.cz\/wp-content\/uploads\/nature-938521_640_1.jpg","height":0,"width":0},"keywords":null},{"@type":"Article","@id":"https:\/\/www.gedeco.cz\/jak-prilakat-navstevniky-na-vas-web\/","headline":"Jak p\u0159il\u00e1kat n\u00e1v\u0161t\u011bvn\u00edky na v\u00e1\u0161 web?","url":"https:\/\/www.gedeco.cz\/jak-prilakat-navstevniky-na-vas-web\/","datePublished":"2025-03-25","dateModified":"2025-03-25","mainEntityOfPage":"https:\/\/www.gedeco.cz\/jak-prilakat-navstevniky-na-vas-web\/","author":{"@type":"Person","@id":"https:\/\/www.gedeco.cz\/author\/#Person","name":"","url":"https:\/\/www.gedeco.cz\/author\/","identifier":1,"image":{"@type":"ImageObject","@id":"https:\/\/secure.gravatar.com\/avatar\/d693d76da4b3c2905ed32515295d3c5b2b37600a891f276917d3d592948bcc60?s=96&d=mm&r=g","url":"https:\/\/secure.gravatar.com\/avatar\/d693d76da4b3c2905ed32515295d3c5b2b37600a891f276917d3d592948bcc60?s=96&d=mm&r=g","height":96,"width":96}},"publisher":{"@type":"Organization","name":"gedeco.cz","logo":{"@type":"ImageObject","@id":"\/logo.png","url":"\/logo.png","width":600,"height":60}},"image":{"@type":"ImageObject","@id":"https:\/\/www.gedeco.cz\/wp-content\/uploads\/stephen-dawson-qwtCeJ5cLYs-unsplash_3.jpg","url":"https:\/\/www.gedeco.cz\/wp-content\/uploads\/stephen-dawson-qwtCeJ5cLYs-unsplash_3.jpg","height":0,"width":0},"keywords":null},{"@type":"Article","@id":"https:\/\/www.gedeco.cz\/caj-o-pate\/","headline":"\u010caj o p\u00e1t\u00e9","url":"https:\/\/www.gedeco.cz\/caj-o-pate\/","datePublished":"2024-02-27","dateModified":"2024-03-28","mainEntityOfPage":"https:\/\/www.gedeco.cz\/caj-o-pate\/","author":{"@type":"Person","@id":"https:\/\/www.gedeco.cz\/author\/#Person","name":"","url":"https:\/\/www.gedeco.cz\/author\/","identifier":1,"image":{"@type":"ImageObject","@id":"https:\/\/secure.gravatar.com\/avatar\/d693d76da4b3c2905ed32515295d3c5b2b37600a891f276917d3d592948bcc60?s=96&d=mm&r=g","url":"https:\/\/secure.gravatar.com\/avatar\/d693d76da4b3c2905ed32515295d3c5b2b37600a891f276917d3d592948bcc60?s=96&d=mm&r=g","height":96,"width":96}},"publisher":{"@type":"Organization","name":"gedeco.cz","logo":{"@type":"ImageObject","@id":"\/logo.png","url":"\/logo.png","width":600,"height":60}},"image":{"@type":"ImageObject","@id":"https:\/\/www.gedeco.cz\/wp-content\/uploads\/green-tea-5301025_1280_1.jpg","url":"https:\/\/www.gedeco.cz\/wp-content\/uploads\/green-tea-5301025_1280_1.jpg","height":0,"width":0},"keywords":null},{"@type":"Article","@id":"https:\/\/www.gedeco.cz\/co-je-to-vyhrubnik-a-vystruznik\/","headline":"Co je to v\u00fdhrubn\u00edk a v\u00fdstru\u017en\u00edk","url":"https:\/\/www.gedeco.cz\/co-je-to-vyhrubnik-a-vystruznik\/","datePublished":"2023-11-27","dateModified":"2023-12-28","mainEntityOfPage":"https:\/\/www.gedeco.cz\/co-je-to-vyhrubnik-a-vystruznik\/","author":{"@type":"Person","@id":"https:\/\/www.gedeco.cz\/author\/#Person","name":"","url":"https:\/\/www.gedeco.cz\/author\/","identifier":1,"image":{"@type":"ImageObject","@id":"https:\/\/secure.gravatar.com\/avatar\/d693d76da4b3c2905ed32515295d3c5b2b37600a891f276917d3d592948bcc60?s=96&d=mm&r=g","url":"https:\/\/secure.gravatar.com\/avatar\/d693d76da4b3c2905ed32515295d3c5b2b37600a891f276917d3d592948bcc60?s=96&d=mm&r=g","height":96,"width":96}},"publisher":{"@type":"Organization","name":"gedeco.cz","logo":{"@type":"ImageObject","@id":"\/logo.png","url":"\/logo.png","width":600,"height":60}},"image":{"@type":"ImageObject","@id":"https:\/\/www.gedeco.cz\/wp-content\/uploads\/mechanical-engineering-2993233_640_1.jpg","url":"https:\/\/www.gedeco.cz\/wp-content\/uploads\/mechanical-engineering-2993233_640_1.jpg","height":0,"width":0},"keywords":null},{"@type":"Article","@id":"https:\/\/www.gedeco.cz\/je-reseni-na-slabou-potenci\/","headline":"Je \u0159e\u0161en\u00ed na slabou potenci?","url":"https:\/\/www.gedeco.cz\/je-reseni-na-slabou-potenci\/","datePublished":"2023-08-25","dateModified":"2024-05-29","mainEntityOfPage":"https:\/\/www.gedeco.cz\/je-reseni-na-slabou-potenci\/","author":{"@type":"Person","@id":"https:\/\/www.gedeco.cz\/author\/#Person","name":"","url":"https:\/\/www.gedeco.cz\/author\/","identifier":1,"image":{"@type":"ImageObject","@id":"https:\/\/secure.gravatar.com\/avatar\/d693d76da4b3c2905ed32515295d3c5b2b37600a891f276917d3d592948bcc60?s=96&d=mm&r=g","url":"https:\/\/secure.gravatar.com\/avatar\/d693d76da4b3c2905ed32515295d3c5b2b37600a891f276917d3d592948bcc60?s=96&d=mm&r=g","height":96,"width":96}},"publisher":{"@type":"Organization","name":"gedeco.cz","logo":{"@type":"ImageObject","@id":"\/logo.png","url":"\/logo.png","width":600,"height":60}},"image":{"@type":"ImageObject","@id":"https:\/\/www.gedeco.cz\/wp-content\/uploads\/eeeeeeeeeee_2.jpg","url":"https:\/\/www.gedeco.cz\/wp-content\/uploads\/eeeeeeeeeee_2.jpg","height":0,"width":0},"keywords":null},{"@type":"Article","@id":"https:\/\/www.gedeco.cz\/voziky-na-vsechno\/","headline":"Voz\u00edky na v\u0161echno","url":"https:\/\/www.gedeco.cz\/voziky-na-vsechno\/","datePublished":"2022-11-20","dateModified":"2023-07-21","mainEntityOfPage":"https:\/\/www.gedeco.cz\/voziky-na-vsechno\/","author":{"@type":"Person","@id":"https:\/\/www.gedeco.cz\/author\/#Person","name":"","url":"https:\/\/www.gedeco.cz\/author\/","identifier":1,"image":{"@type":"ImageObject","@id":"https:\/\/secure.gravatar.com\/avatar\/d693d76da4b3c2905ed32515295d3c5b2b37600a891f276917d3d592948bcc60?s=96&d=mm&r=g","url":"https:\/\/secure.gravatar.com\/avatar\/d693d76da4b3c2905ed32515295d3c5b2b37600a891f276917d3d592948bcc60?s=96&d=mm&r=g","height":96,"width":96}},"publisher":{"@type":"Organization","name":"gedeco.cz","logo":{"@type":"ImageObject","@id":"\/logo.png","url":"\/logo.png","width":600,"height":60}},"image":{"@type":"ImageObject","@id":"https:\/\/www.gedeco.cz\/wp-content\/uploads\/train-821500_960_720.jpg","url":"https:\/\/www.gedeco.cz\/wp-content\/uploads\/train-821500_960_720.jpg","height":0,"width":0},"keywords":null},{"@type":"Article","@id":"https:\/\/www.gedeco.cz\/kdyz-maji-deti-radost-z-pohadkovych-postavicek\/","headline":"Kdy\u017e maj\u00ed d\u011bti radost z poh\u00e1dkov\u00fdch postavi\u010dek","url":"https:\/\/www.gedeco.cz\/kdyz-maji-deti-radost-z-pohadkovych-postavicek\/","datePublished":"2022-02-07","dateModified":"2024-07-08","mainEntityOfPage":"https:\/\/www.gedeco.cz\/kdyz-maji-deti-radost-z-pohadkovych-postavicek\/","author":{"@type":"Person","@id":"https:\/\/www.gedeco.cz\/author\/#Person","name":"","url":"https:\/\/www.gedeco.cz\/author\/","identifier":1,"image":{"@type":"ImageObject","@id":"https:\/\/secure.gravatar.com\/avatar\/d693d76da4b3c2905ed32515295d3c5b2b37600a891f276917d3d592948bcc60?s=96&d=mm&r=g","url":"https:\/\/secure.gravatar.com\/avatar\/d693d76da4b3c2905ed32515295d3c5b2b37600a891f276917d3d592948bcc60?s=96&d=mm&r=g","height":96,"width":96}},"publisher":{"@type":"Organization","name":"gedeco.cz","logo":{"@type":"ImageObject","@id":"\/logo.png","url":"\/logo.png","width":600,"height":60}},"image":{"@type":"ImageObject","@id":"https:\/\/www.gedeco.cz\/wp-content\/uploads\/d%C4%9Bti_8.jpg","url":"https:\/\/www.gedeco.cz\/wp-content\/uploads\/d%C4%9Bti_8.jpg","height":0,"width":0},"keywords":null}]}