[{"@context":"https:\/\/schema.org\/","@type":"Article","@id":"https:\/\/www.gedeco.cz\/nabytek-z-masivu-vhodny-do-ruznych-interieru\/#Article","mainEntityOfPage":"https:\/\/www.gedeco.cz\/nabytek-z-masivu-vhodny-do-ruznych-interieru\/","headline":"N\u00e1bytek z\u00a0masivu vhodn\u00fd do r\u016fzn\u00fdch interi\u00e9r\u016f","name":"N\u00e1bytek z\u00a0masivu vhodn\u00fd do r\u016fzn\u00fdch interi\u00e9r\u016f","description":"Kdy\u017e si n\u011bkdo koup\u00ed n\u00e1bytek z masivu, je to velk\u00fd \u0161\u0165astlivec. Nejen d\u00edky tomu, \u017ee &hellip; <a href=\"https:\/\/www.gedeco.cz\/nabytek-z-masivu-vhodny-do-ruznych-interieru\/\" class=\"more-link\"><span class=\"more-button\">Pokra\u010dovat ve \u010dten\u00ed<span class=\"screen-reader-text\">N\u00e1bytek z\u00a0masivu vhodn\u00fd do r\u016fzn\u00fdch interi\u00e9r\u016f<\/span><\/span><\/a>","datePublished":"2025-04-26","dateModified":"2025-04-26","author":{"@type":"Person","@id":"https:\/\/www.gedeco.cz\/author\/#Person","name":"","url":"https:\/\/www.gedeco.cz\/author\/","identifier":1,"image":{"@type":"ImageObject","@id":"https:\/\/secure.gravatar.com\/avatar\/d693d76da4b3c2905ed32515295d3c5b2b37600a891f276917d3d592948bcc60?s=96&d=mm&r=g","url":"https:\/\/secure.gravatar.com\/avatar\/d693d76da4b3c2905ed32515295d3c5b2b37600a891f276917d3d592948bcc60?s=96&d=mm&r=g","height":96,"width":96}},"publisher":{"@type":"Organization","name":"gedeco.cz","logo":{"@type":"ImageObject","@id":"\/logo.png","url":"\/logo.png","width":600,"height":60}},"url":"https:\/\/www.gedeco.cz\/nabytek-z-masivu-vhodny-do-ruznych-interieru\/","wordCount":186,"articleBody":"Kdy\u017e si n\u011bkdo koup\u00ed n\u00e1bytek z masivu, je to velk\u00fd \u0161\u0165astlivec. Nejen d\u00edky tomu, \u017ee takto kvalitn\u00ed n\u00e1bytek vydr\u017e\u00ed opravdu dlouho, proto\u017ee jeho zpracov\u00e1n\u00ed bylo opravdu na mistrovsk\u00e9 \u00farovni, ale hlavn\u011b d\u00edky tomu, \u017ee takov\u00fd n\u00e1bytek je opravdu n\u011bco, \u010d\u00edm se m\u016f\u017eete py\u0161nit. Tak skv\u011bl\u00fd n\u00e1bytek z masivu, jako najdete u n\u00e1s, nenajdete nikde jinde. Na\u0161e nab\u00eddka je velmi velk\u00e1 pro to, aby si v n\u00ed vybral ka\u017ed\u00fd, ale tak velk\u00e1, aby byla p\u0159ehledn\u00e1. Proto se t\u011b\u0161te na pohodln\u00fd v\u00fdb\u011br, d\u00edky kter\u00e9mu si po\u0159\u00edd\u00edte dom\u016f kr\u00e1sn\u00fd, luxusn\u00ed n\u00e1bytek. Dlouh\u00e1 l\u00e9ta Pr\u00e1v\u011b n\u00e1bytek z masivu v\u00e1m taky vydr\u017e\u00ed dlouh\u00e1 l\u00e9ta, kdy\u017e si ho po\u0159\u00edd\u00edte od n\u00e1s. Nab\u00edz\u00edme v\u00e1m toti\u017e kvalitu, kterou jin\u00ed ne, a tak se t\u011b\u0161te na velice skv\u011bl\u00fd n\u00e1bytek, d\u00edky kter\u00e9mu si m\u016f\u017eete po\u0159\u00eddit cokoliv, budete cht\u00edt. Jak \u017eidle nebo sk\u0159\u00edn\u011b, u n\u00e1s m\u00e1me v\u0161echno.                                                                                                                                                                                                                                                                                                                                                                                                "},{"@context":"https:\/\/schema.org\/","@type":"BreadcrumbList","itemListElement":[{"@type":"ListItem","position":1,"name":"N\u00e1bytek z\u00a0masivu vhodn\u00fd do r\u016fzn\u00fdch interi\u00e9r\u016f","item":"https:\/\/www.gedeco.cz\/nabytek-z-masivu-vhodny-do-ruznych-interieru\/#breadcrumbitem"}]}]