[{"@context":"https:\/\/schema.org\/","@type":"Article","@id":"https:\/\/www.gedeco.cz\/nejvetsi-problemy-soucasne-krajiny\/#Article","mainEntityOfPage":"https:\/\/www.gedeco.cz\/nejvetsi-problemy-soucasne-krajiny\/","headline":"Nejv\u011bt\u0161\u00ed probl\u00e9my sou\u010dasn\u00e9 krajiny","name":"Nejv\u011bt\u0161\u00ed probl\u00e9my sou\u010dasn\u00e9 krajiny","description":"Je smutn\u00fdm faktem, \u017ee na\u0161e \u010desk\u00e1 krajina se mus\u00ed pot\u00fdkat se spoustou r\u016fzn\u00fdch probl\u00e9m\u016f. N\u011bkter\u00e9 &hellip; <a href=\"https:\/\/www.gedeco.cz\/nejvetsi-problemy-soucasne-krajiny\/\" class=\"more-link\"><span class=\"more-button\">Pokra\u010dovat ve \u010dten\u00ed<span class=\"screen-reader-text\">Nejv\u011bt\u0161\u00ed probl\u00e9my sou\u010dasn\u00e9 krajiny<\/span><\/span><\/a>","datePublished":"2019-11-06","dateModified":"2023-04-30","author":{"@type":"Person","@id":"https:\/\/www.gedeco.cz\/author\/#Person","name":"","url":"https:\/\/www.gedeco.cz\/author\/","identifier":1,"image":{"@type":"ImageObject","@id":"https:\/\/secure.gravatar.com\/avatar\/d693d76da4b3c2905ed32515295d3c5b2b37600a891f276917d3d592948bcc60?s=96&d=mm&r=g","url":"https:\/\/secure.gravatar.com\/avatar\/d693d76da4b3c2905ed32515295d3c5b2b37600a891f276917d3d592948bcc60?s=96&d=mm&r=g","height":96,"width":96}},"publisher":{"@type":"Organization","name":"gedeco.cz","logo":{"@type":"ImageObject","@id":"\/logo.png","url":"\/logo.png","width":600,"height":60}},"image":{"@type":"ImageObject","@id":"https:\/\/www.gedeco.cz\/wp-content\/uploads\/img_a361379_w3677_t1574607069.jpg","url":"https:\/\/www.gedeco.cz\/wp-content\/uploads\/img_a361379_w3677_t1574607069.jpg","height":0,"width":0},"url":"https:\/\/www.gedeco.cz\/nejvetsi-problemy-soucasne-krajiny\/","about":["V\u011bda"],"wordCount":609,"articleBody":"Je smutn\u00fdm faktem, \u017ee na\u0161e \u010desk\u00e1 krajina se mus\u00ed pot\u00fdkat se spoustou r\u016fzn\u00fdch probl\u00e9m\u016f. N\u011bkter\u00e9 byly vytvo\u0159eny a\u017e v\u00a0posledn\u00ed dob\u011b, jin\u00e9 jsou dlouhodob\u011bj\u0161\u00edho charakteru. V\u0161echny v\u0161ak maj\u00ed negativn\u00ed vliv nejen na p\u0159\u00edrodu samotnou, ale zprost\u0159edkovan\u011b i na kvalitu \u017eivota a zdrav\u00ed n\u00e1s, lid\u00ed. Pod\u00edv\u00e1me se na ty nejpal\u010div\u011bj\u0161\u00ed.\u00a0\u010c\u00e1st se p\u0159\u00edmo t\u00fdk\u00e1 zem\u011bd\u011blstv\u00ed. Zde najdeme po\u0161kozen\u00ed krajiny zp\u016fsoben\u00e9 jak dlouhodob\u00fdm managementem, tak i sou\u010dasn\u00fdmi trendy. T\u00edm dlouhodob\u00fdm probl\u00e9mem bylo scelen\u00ed pol\u00ed, kter\u00e9 se prov\u00e1d\u011blo v\u00a0dob\u011b zn\u00e1rod\u0148ov\u00e1n\u00ed. Zru\u0161eny byly rem\u00edzky i poln\u00ed cesty. D\u016fsledky byly dalekos\u00e1hl\u00e9. Ano, bylo podstatn\u011b snaz\u0161\u00ed takto velk\u00e1 pole obd\u011bl\u00e1vat. Na druhou stranu se t\u00edm naru\u0161il vodn\u00ed re\u017eim krajiny. Konkr\u00e9tn\u011b nic nezadr\u017eovalo vodu a nebr\u00e1nilo j\u00ed odt\u00e9kat a br\u00e1t s\u00a0sebou \u00farodnou vrstvu ornice. Stejn\u00e9 pot\u00ed\u017ee p\u0159in\u00e1\u0161\u00ed i v\u00edtr. Nyn\u00ed, kdy\u017e mu nebr\u00e1n\u00ed stromy, vane bez omezen\u00ed, a op\u011bt s\u00a0sebou odn\u00e1\u0161\u00ed svrchn\u00ed, nej\u00farodn\u011bj\u0161\u00ed vrstvu p\u016fdy.\u00a0Jsou sice snahy situaci \u0159e\u0161it, ov\u0161em ty jsou zat\u00edm pouze lok\u00e1ln\u00edho charakteru. Toto je ale v\u011bc, kter\u00e1 tr\u00e1p\u00ed v\u011bt\u0161inu \u010cesk\u00e9 republiky. Co je ale p\u0159\u00ed\u010dinou, \u017ee za 30 let od p\u00e1du komunismu nejsme schopni se s\u00a0t\u00edmto probl\u00e9mem vypo\u0159\u00e1dat? Proto\u017ee pro zem\u011bd\u011blce je tato situace v\u00fdhodn\u011bj\u0161\u00ed. V\u011bt\u0161ina b\u00fdval\u00fdch dru\u017estev toti\u017e pouze zm\u011bnila n\u00e1zev, ale ve sv\u00e9 podstat\u011b se p\u0159\u00edli\u0161 nezm\u011bnila. A je pravda, \u017ee pole se v\u00a0restituc\u00edch vraceli, ale v\u011bt\u0161ina t\u011bchto nov\u00fdch majitel\u016f na n\u00ed hospoda\u0159it nechce. Proto ji pronaj\u00edm\u00e1 pr\u00e1v\u011b on\u011bm zem\u011bd\u011blc\u016fm. D\u00e1 se tedy \u0159\u00edci, \u017ee se prakticky nic nezm\u011bnilo.\u00a0T\u00edm sou\u010dasn\u00fdm zem\u011bd\u011blsk\u00fdm probl\u00e9mem je slo\u017een\u00ed p\u011bstovan\u00fdch plodin. Na pol\u00edch toti\u017e u n\u00e1s nej\u010dast\u011bji roste \u0159epka a kuku\u0159ice. P\u011bstuj\u00ed se z\u00a0jednoduch\u00e9ho d\u016fvodu: jsou nejv\u00fdnosn\u011bj\u0161\u00ed. A zem\u011bd\u011blci jsou r\u00e1di za ka\u017edou korunu, kterou vyd\u011blaj\u00ed. Nen\u00ed tedy divu, \u017ee s\u00e1z\u00ed to, co se jim nejv\u00edc vyplat\u00ed. A vzhledem k\u00a0tomu, \u017ee obvykle hospoda\u0159\u00ed na pronajat\u00e9 p\u016fd\u011b, nemus\u00ed se ani tak zab\u00fdvat dlouhodob\u00fdmi n\u00e1sledky sv\u00e9ho jedn\u00e1n\u00ed. Pro\u010d je ale \u0159epka a kuku\u0159ice tak \u0161patn\u00e1?\u00a0\u0158epka vy\u017eaduje hodn\u011b chemizace. R\u016fzn\u00e9 pesticidy, herbicidy a jin\u00e9 je t\u0159eba pou\u017e\u00edvat ve v\u011bt\u0161\u00edm mno\u017estv\u00ed ne\u017e u jin\u00fdch plodin, aby se dos\u00e1hlo po\u017eadovan\u00fdch v\u00fdsledk\u016f. To, \u017ee i p\u0159esto je jej\u00ed p\u011bstov\u00e1n\u00ed tak roz\u0161\u00ed\u0159en\u00e9, znamen\u00e1, \u017ee se i p\u0159es tyto dodate\u010dn\u00e9 n\u00e1klady vyplat\u00ed. Co se kuku\u0159ice t\u00fd\u010de, tak zde se jedn\u00e1 o m\u011blce ko\u0159en\u00edc\u00ed plodinu. Jej\u00ed klasy jsou nav\u00edc od sebe pom\u011brn\u011b daleko. Jej\u00ed p\u011bstov\u00e1n\u00ed tedy napom\u00e1h\u00e1 vodn\u00ed i v\u011btrn\u00e9 erozi p\u016fdy.\u00a0Co se s\u00a0t\u011bmito probl\u00e9my d\u00e1 d\u011blat? Jedin\u00fdm \u0159e\u0161en\u00edm by byla kompletn\u00ed restrukturalizace zem\u011bd\u011blstv\u00ed, ov\u0161em k\u00a0tomu nen\u00ed v\u016fle ze strany zem\u011bd\u011blc\u016f (kter\u00fdm sou\u010dasn\u00fd syst\u00e9m vyhovuje) ani politik\u016f. Nav\u00edc v\u00a0sou\u010dasn\u00e9 dob\u011b na to nen\u00ed ani dostatek financ\u00ed. Proto se zd\u00e1, \u017ee devastace na\u0161\u00ed krajiny bude prozat\u00edm pokra\u010dovat.                                                                                                                                                                                                                                                                                                                                                                                        4.2\/5 - (10 votes)        "},{"@context":"https:\/\/schema.org\/","@type":"BreadcrumbList","itemListElement":[{"@type":"ListItem","position":1,"name":"Nejv\u011bt\u0161\u00ed probl\u00e9my sou\u010dasn\u00e9 krajiny","item":"https:\/\/www.gedeco.cz\/nejvetsi-problemy-soucasne-krajiny\/#breadcrumbitem"}]}]