[{"@context":"https:\/\/schema.org\/","@type":"Article","@id":"https:\/\/www.gedeco.cz\/tak-jsem-se-snad-dockal\/#Article","mainEntityOfPage":"https:\/\/www.gedeco.cz\/tak-jsem-se-snad-dockal\/","headline":"Tak jsem se snad do\u010dkal","name":"Tak jsem se snad do\u010dkal","description":"Posledn\u00ed dva roky jsem se jak zn\u00e1mo nikam nepod\u00edval. Sed\u011bl jsem doma, proto\u017ee jsem nesm\u011bl &hellip; <a href=\"https:\/\/www.gedeco.cz\/tak-jsem-se-snad-dockal\/\" class=\"more-link\"><span class=\"more-button\">Pokra\u010dovat ve \u010dten\u00ed<span class=\"screen-reader-text\">Tak jsem se snad do\u010dkal<\/span><\/span><\/a>","datePublished":"2021-09-12","dateModified":"2023-04-30","author":{"@type":"Person","@id":"https:\/\/www.gedeco.cz\/author\/#Person","name":"","url":"https:\/\/www.gedeco.cz\/author\/","identifier":1,"image":{"@type":"ImageObject","@id":"https:\/\/secure.gravatar.com\/avatar\/d693d76da4b3c2905ed32515295d3c5b2b37600a891f276917d3d592948bcc60?s=96&d=mm&r=g","url":"https:\/\/secure.gravatar.com\/avatar\/d693d76da4b3c2905ed32515295d3c5b2b37600a891f276917d3d592948bcc60?s=96&d=mm&r=g","height":96,"width":96}},"publisher":{"@type":"Organization","name":"gedeco.cz","logo":{"@type":"ImageObject","@id":"\/logo.png","url":"\/logo.png","width":600,"height":60}},"image":{"@type":"ImageObject","@id":"https:\/\/gedeco.cz\/wp-content\/uploads\/vrtule%20letadla_1.jpg","url":"https:\/\/gedeco.cz\/wp-content\/uploads\/vrtule%20letadla_1.jpg","height":"","width":""},"url":"https:\/\/www.gedeco.cz\/tak-jsem-se-snad-dockal\/","about":["Cestov\u00e1n\u00ed"],"wordCount":415,"articleBody":"Posledn\u00ed dva roky jsem se jak zn\u00e1mo nikam nepod\u00edval. Sed\u011bl jsem doma, proto\u017ee jsem nesm\u011bl jeden \u010das nejen do dalek\u00fdch kraj\u016f, ale ani do sousedn\u00edho okresu. A proto\u017ee u\u017e toho docela dost pamatuji, skoro bych pon\u011bkud zlomysln\u011b prohl\u00e1sil, \u017ee jsme se zase vr\u00e1tili na konec na\u0161\u00ed d\u00e1vn\u00e9 socialistick\u00e9 epochy. Kdy se tak\u00e9 do nevyvolen\u00fdch zem\u00ed velice \u010dasto nesm\u011blo, a k\u00a0tomu, aby se tam \u010dlov\u011bk dostal, bylo nezbytn\u00e9 zvl\u00e1dnout tolik byrokracie a po\u010din\u016f, \u017ee to leckoho spolehliv\u011b odradilo. A neodradilo-li, nejednou neusp\u011bl, proto\u017ee nedok\u00e1zal nab\u00eddnout to, co se \u017e\u00e1dalo. A vlastn\u011b mi to tu dobu p\u0159ipomn\u011blo je\u0161t\u011b v\u00a0jednom ohledu, jakkoliv tehdy samoz\u0159ejm\u011b naprosto nejist\u00e9m. Tehdy n\u00e1m nakonec soudruzi sl\u00edbili, \u017ee vzhledem k\u00a0mo\u017enostem na\u0161\u00ed zem\u011b bude pro ka\u017ed\u00e9ho p\u0159\u00edle\u017eitost vycestovat do kapitalistick\u00e9 ciziny aspo\u0148 jednou za t\u0159i roky. A ony to letos p\u0159esn\u011b t\u0159i roky jsou. Pomalu na den p\u0159esn\u011b t\u0159i roky od chv\u00edle, kdy mi bylo naposled umo\u017en\u011bno se tam do t\u00e9 dalek\u00e9 ciziny pod\u00edvat.A jako by se sou\u010dasn\u011b do jist\u00e9 m\u00edry vr\u00e1tily i doby, kdy jsem cestovat za\u010d\u00ednal. Proto\u017ee jsem se p\u0159ed prvn\u00edm samostatn\u00fdm letem na druh\u00fd konec sv\u011bta samoz\u0159ejm\u011b docela b\u00e1l, nemaje zku\u0161enosti. A zat\u00edmco jsem si pozd\u011bji zvyknul, dnes u\u017e se zase boj\u00edm. Ale z\u00a0jin\u00e9ho d\u016fvodu. Neboj\u00edm se\u00a0toho, co m\u011b \u010dek\u00e1 tam, ale boj\u00edm se toho, co m\u011b \u010dek\u00e1 tady. U n\u00e1s v\u00a0Evrop\u011b. Proto\u017ee kdy\u017e Lufthansa ozn\u00e1m\u00ed na konci t\u00fddne, \u017ee v\u00a0t\u00fddnu m\u00e9ho odletu zru\u0161\u00ed p\u011btinu neup\u0159esn\u011bno kter\u00fdch let\u016f\u2026 To pak \u010dlov\u011bk nev\u00ed, zda se m\u00e1 nebo nem\u00e1 t\u011b\u0161it. Zda kone\u010dn\u011b odlet\u00ed jako kdysi nebo se na posledn\u00ed chv\u00edli podobn\u011b jako nejednou za pandemie dozv\u00ed, \u017ee z\u016fstane doma.\u00a0Ale v\u011b\u0159\u00edm, \u017ee tentokr\u00e1t odlet\u00edm. A \u017ee u\u017e tu s\u00a0v\u00e1mi nebudu, a\u017e budete \u010d\u00edst tyto \u0159\u00e1dky. Proto\u017ee u\u017e je na \u010dase zm\u011bnit ovzdu\u0161\u00ed. T\u0159eba i jenom proto, \u017ee budu sl\u00fdchat v\u00a0televizi dost mo\u017en\u00e1 podobn\u00e9 bl\u00e1boly jako u n\u00e1s, ale aspo\u0148 jim nebudu rozum\u011bt. A i to m\u016f\u017ee b\u00fdt na cestov\u00e1n\u00ed kr\u00e1sn\u00e9.                                                                                                                                                                                                                                                                                                                                                                                        4.3\/5 - (14 votes)        "},{"@context":"https:\/\/schema.org\/","@type":"BreadcrumbList","itemListElement":[{"@type":"ListItem","position":1,"name":"Tak jsem se snad do\u010dkal","item":"https:\/\/www.gedeco.cz\/tak-jsem-se-snad-dockal\/#breadcrumbitem"}]}]