[{"@context":"https:\/\/schema.org\/","@type":"Article","@id":"https:\/\/www.gedeco.cz\/uzitecna-dotace-pro-budoucnost-nasi-krajiny\/#Article","mainEntityOfPage":"https:\/\/www.gedeco.cz\/uzitecna-dotace-pro-budoucnost-nasi-krajiny\/","headline":"U\u017eite\u010dn\u00e1 dotace pro budoucnost na\u0161\u00ed krajiny","name":"U\u017eite\u010dn\u00e1 dotace pro budoucnost na\u0161\u00ed krajiny","description":"Proj\u00ed\u017ed\u00edte krajinou. Pokud m\u00e1te \u010das se rozhl\u00e9dnout, tak co vid\u00edte? Vyk\u00e1cen\u00e9 lesy, hol\u00e9 b\u0159ehy okolo &hellip; <a href=\"https:\/\/www.gedeco.cz\/uzitecna-dotace-pro-budoucnost-nasi-krajiny\/\" class=\"more-link\"><span class=\"more-button\">Pokra\u010dovat ve \u010dten\u00ed<span class=\"screen-reader-text\">U\u017eite\u010dn\u00e1 dotace pro budoucnost na\u0161\u00ed krajiny<\/span><\/span><\/a>","datePublished":"2019-11-06","dateModified":"2023-04-30","author":{"@type":"Person","@id":"https:\/\/www.gedeco.cz\/author\/#Person","name":"","url":"https:\/\/www.gedeco.cz\/author\/","identifier":1,"image":{"@type":"ImageObject","@id":"https:\/\/secure.gravatar.com\/avatar\/d693d76da4b3c2905ed32515295d3c5b2b37600a891f276917d3d592948bcc60?s=96&d=mm&r=g","url":"https:\/\/secure.gravatar.com\/avatar\/d693d76da4b3c2905ed32515295d3c5b2b37600a891f276917d3d592948bcc60?s=96&d=mm&r=g","height":96,"width":96}},"publisher":{"@type":"Organization","name":"gedeco.cz","logo":{"@type":"ImageObject","@id":"\/logo.png","url":"\/logo.png","width":600,"height":60}},"image":{"@type":"ImageObject","@id":"https:\/\/www.gedeco.cz\/wp-content\/uploads\/img_a361879_w3677_t1574933978.jpg","url":"https:\/\/www.gedeco.cz\/wp-content\/uploads\/img_a361879_w3677_t1574933978.jpg","height":0,"width":0},"url":"https:\/\/www.gedeco.cz\/uzitecna-dotace-pro-budoucnost-nasi-krajiny\/","about":["Ekonomika"],"wordCount":520,"articleBody":"Proj\u00ed\u017ed\u00edte krajinou. Pokud m\u00e1te \u010das se rozhl\u00e9dnout, tak co vid\u00edte? Vyk\u00e1cen\u00e9 lesy, hol\u00e9 b\u0159ehy okolo \u0159ek, potok\u016f, rybn\u00edk\u016f, prost\u011b bez strom\u016f, kter\u00e9 zabra\u0148uj\u00ed vysych\u00e1n\u00ed p\u016fdy. A to se t\u00fdk\u00e1 i \u010dasto zbyte\u010dn\u00e9ho vyk\u00e1cen\u00ed strom\u016f okolo cest a vlakov\u00fdch trat\u00ed.Ano, jsou i m\u00edsta, kde stromy ohro\u017euj\u00ed dopravu. Mo\u017en\u00e1 se to stalo nedostate\u010dn\u00fdmi z\u00e1kony, kter\u00e9 by m\u011bly na\u0161i krajinu ochra\u0148ovat, mo\u017en\u00e1 je to i t\u00edm, \u017ee \u010desk\u00fd \u010dlov\u011bk, a\u0165 jednotlivec nebo firmy, dok\u00e1\u017eou z\u00e1kon obej\u00edt a vyu\u017eij\u00ed ka\u017edou skulinku ke sv\u00e9mu obohacen\u00ed. To se st\u00e1v\u00e1. Ale v\u00a0t\u011bchto p\u0159\u00edpadech na to doplatila cel\u00e1 na\u0161e \u010desk\u00e1 zem.M\u016f\u017eeme ps\u00e1t i o zem\u011bd\u011blsk\u00e9 p\u016fd\u011b, kter\u00e9 je m\u00e1lo, nejenom z\u00a0d\u016fsledku dlouhodob\u00e9ho sucha, ale i \u201emodern\u00edm zp\u016fsobem\u201c obhospoda\u0159ov\u00e1n\u00ed, kde kdysi \u00farodn\u00e1 p\u016fda, zni\u010den\u00e1 suchem a p\u0159em\u00edrou pou\u017e\u00edvan\u00fdch chemick\u00fdch prost\u0159edk\u016f., je nemocn\u00e1. A nav\u00edc, na mnoha hektarech d\u0159\u00edve \u00farodn\u00e9 p\u016fdy jsou postaven\u00e9 p\u0159epravn\u00ed a logistick\u00e9 budovy.V\u00a0poslaneck\u00e9 sn\u011bmovn\u011b a ve vl\u00e1d\u011b se \u0159e\u0161\u00ed r\u016fzn\u00e9 n\u00e1vrhy, kter\u00e9 by m\u011bly v\u00e9st k\u00a0lep\u0161\u00edmu hospoda\u0159en\u00ed nejenom v\u00a0les\u00edch, ale celkov\u011b se zem\u011bd\u011blskou p\u016fdou. Ale proto\u017ee ne\u017e se schv\u00e1l\u00ed skute\u010dn\u011b jak\u00fdkoliv z\u00e1kon, kter\u00fd by na\u0161\u00ed krajin\u011b pomohl, a hlavn\u011b zabr\u00e1nil dal\u0161\u00edm ztr\u00e1t\u00e1m, trv\u00e1 to bohu\u017eel v\u017edy moc dlouho.Ale aby se v\u00a0tomto \u010dl\u00e1nku nepsala jen sam\u00e1 negativa, tak alespo\u0148 pop\u00ed\u0161eme jednu v\u00fdbornou my\u0161lenku, kter\u00e1 se u\u017e realizuje.St\u00e1t, konkr\u00e9tn\u011b ministerstvo \u017eivotn\u00edho prost\u0159ed\u00ed, podpo\u0159ilo krom\u011b v\u00fdsadby strom\u016f pro obnovu les\u016f, dal\u0161\u00ed v\u00fdsadbu nov\u00fdch strom\u016f formou DOTACE ve v\u00fd\u0161ce 100 mil. K\u010d. Pen\u00edze jsou ur\u010deny na v\u00fdsadbu dal\u0161\u00edch 10 milion\u016f strom\u016f, p\u0159ev\u00e1\u017en\u011b listnat\u00fdch. Tyto stromy by se m\u011bly vysadit ve m\u011bstech, obc\u00edch, p\u0159edev\u0161\u00edm na\u00a0takov\u00fdch ve\u0159ejn\u00fdch m\u00edstech, kde by v\u00fdsadba pomohla tomu, aby se krajina p\u0159estala \u010dasem vysychat. O tuto dotaci do v\u00fd\u0161ky a\u017e 250 tis. K\u010d si m\u016f\u017ee po\u017e\u00e1dat jak jednotlivec, tak obce, m\u011bsta a jin\u00e1 r\u016fzn\u00e1 sdru\u017een\u00ed (nap\u0159. \u0161koly, firmy, \u00fa\u0159ady, ryb\u00e1\u0159sk\u00e9 spolky \u2026). Pen\u00edze jsou ur\u010den\u00e9 na sazenice a v\u0161e, co je k\u00a0s\u00e1zen\u00ed zapot\u0159eb\u00ed. Z\u00a0vlastn\u00ed kapsy nikdo nic nebude platit, jen v\u00fdsadb\u011b strom\u016f v\u011bnuje sv\u016fj \u010das a n\u00e1slednou p\u00e9\u010di o n\u011b.\u00a0 Jedinou podm\u00ednkou pro tento \u00fa\u010del dotace je m\u00edt na pozemek, kde by se stromy vysadily a m\u00edt k\u00a0n\u011bmu tyto doklady:\u00a0\u00a0 \u00b7\u00a0\u00a0\u00a0\u00a0\u00a0\u00a0\u00a0\u00a0 prok\u00e1zan\u00e9 vlastnictv\u00ed pozemku nebo n\u00e1jemn\u00ed smlouvu o pozemku Tato dotace m\u00e1 pro na\u0161i krajinu smysl. Pokud v\u00e1m z\u00e1le\u017e\u00ed na na\u0161\u00ed krajin\u011b, tak m\u00e1te mo\u017enost o tuto dotaci po\u017e\u00e1dat kdykoliv\u2026                                                                                                                                                                                                                                                                                                                                                                                        4.6\/5 - (8 votes)        "},{"@context":"https:\/\/schema.org\/","@type":"BreadcrumbList","itemListElement":[{"@type":"ListItem","position":1,"name":"U\u017eite\u010dn\u00e1 dotace pro budoucnost na\u0161\u00ed krajiny","item":"https:\/\/www.gedeco.cz\/uzitecna-dotace-pro-budoucnost-nasi-krajiny\/#breadcrumbitem"}]}]