[{"@context":"https:\/\/schema.org\/","@type":"Article","@id":"https:\/\/www.gedeco.cz\/zhubnout-neni-zalezitosti-dvou-tydnu\/#Article","mainEntityOfPage":"https:\/\/www.gedeco.cz\/zhubnout-neni-zalezitosti-dvou-tydnu\/","headline":"Zhubnout nen\u00ed z\u00e1le\u017eitost\u00ed dvou t\u00fddn\u016f","name":"Zhubnout nen\u00ed z\u00e1le\u017eitost\u00ed dvou t\u00fddn\u016f","description":"Obezita je ve sv\u011bt\u011b docela roz\u0161\u00ed\u0159en\u00e1. Hlavn\u011b v z\u00e1padn\u00edch st\u00e1tech docela \u0159\u00e1d\u00ed, nicm\u00e9n\u011b i u &hellip; <a href=\"https:\/\/www.gedeco.cz\/zhubnout-neni-zalezitosti-dvou-tydnu\/\" class=\"more-link\"><span class=\"more-button\">Pokra\u010dovat ve \u010dten\u00ed<span class=\"screen-reader-text\">Zhubnout nen\u00ed z\u00e1le\u017eitost\u00ed dvou t\u00fddn\u016f<\/span><\/span><\/a>","datePublished":"2021-11-20","dateModified":"2023-04-30","author":{"@type":"Person","@id":"https:\/\/www.gedeco.cz\/author\/#Person","name":"","url":"https:\/\/www.gedeco.cz\/author\/","identifier":1,"image":{"@type":"ImageObject","@id":"https:\/\/secure.gravatar.com\/avatar\/d693d76da4b3c2905ed32515295d3c5b2b37600a891f276917d3d592948bcc60?s=96&d=mm&r=g","url":"https:\/\/secure.gravatar.com\/avatar\/d693d76da4b3c2905ed32515295d3c5b2b37600a891f276917d3d592948bcc60?s=96&d=mm&r=g","height":96,"width":96}},"publisher":{"@type":"Organization","name":"gedeco.cz","logo":{"@type":"ImageObject","@id":"\/logo.png","url":"\/logo.png","width":600,"height":60}},"image":{"@type":"ImageObject","@id":"https:\/\/gedeco.cz\/wp-content\/uploads\/Avok%C3%A1do_4.jpg","url":"https:\/\/gedeco.cz\/wp-content\/uploads\/Avok%C3%A1do_4.jpg","height":"","width":""},"url":"https:\/\/www.gedeco.cz\/zhubnout-neni-zalezitosti-dvou-tydnu\/","about":["N\u00e1kupy"],"wordCount":428,"articleBody":"   Obezita je ve sv\u011bt\u011b docela roz\u0161\u00ed\u0159en\u00e1. Hlavn\u011b v z\u00e1padn\u00edch st\u00e1tech docela \u0159\u00e1d\u00ed, nicm\u00e9n\u011b i u n\u00e1s j\u00ed trp\u00ed hodn\u011b lid\u00ed. A to nejen dosp\u011bl\u00fdch, ale i mlad\u0161\u00edch ro\u010dn\u00edk\u016f, a dokonce i d\u011bt\u00ed. Vzhledem k tomu, \u017ee se nejedn\u00e1 pouze o problematiku vzhledovou, ale o skute\u010dn\u00fd zdravotn\u00ed probl\u00e9m, je dobr\u00e9 se t\u00edm zab\u00fdvat maxim\u00e1ln\u00ed mo\u017enou m\u011brou. Obezita toti\u017e dok\u00e1\u017ee \u010dlov\u011bku ubl\u00ed\u017eit stejn\u011b jako r\u016fzn\u00e9 t\u011b\u017ek\u00e9 nemoci s t\u00edm rozd\u00edlem, \u017ee se j\u00ed m\u016f\u017eete relativn\u011b jednodu\u0161e zbavit. Sta\u010d\u00ed jen v\u011bd\u011bt, jak na to.Spousta lid\u00ed, hlavn\u011b tedy \u017een, m\u00e1 za to, \u017ee obezitou trp\u00ed, i kdy\u017e tomu nic nenasv\u011bd\u010duje. Naopak hlavn\u011b mu\u017ei se domn\u00edvaj\u00ed, \u017ee ani p\u0159ece ob\u00e9zn\u00ed nejsou. Dalo by se to rozsoudit pomoc\u00ed v\u00e1hy, nicm\u00e9n\u011b ta nen\u00ed v tomto p\u0159\u00edpad\u011b nejlep\u0161\u00edm arbitrem. Daleko lep\u0161\u00ed je spolehnout se na BMI bmikalkulacka.cz, je\u017e je daleko p\u0159esn\u011bj\u0161\u00ed, i kdy\u017e tak\u00e9 nen\u00ed dokonal\u00fd.Zdrav\u00e9 j\u00eddloKdy\u017e u\u017e v\u00e1m v BMI indexu vyjde, \u017ee jste ob\u00e9zn\u00ed \u010di na to m\u00e1te minim\u00e1ln\u011b dob\u0159e zad\u011bl\u00e1no, nad hubnut\u00edm byste nem\u011bli dlouho p\u0159em\u00fd\u0161let. Nejedn\u00e1 se zase o tak stra\u0161nou z\u00e1le\u017eitost, jak se v\u0161ude \u0159\u00edk\u00e1. Hubnout se d\u00e1 i s gr\u00e1ci\u00ed a bez zbyte\u010dn\u00e9ho str\u00e1d\u00e1n\u00ed. Samoz\u0159ejm\u011b, \u017ee zm\u011bny j\u00eddeln\u00ed\u010dku se nevyhnete. Tam, kde d\u0159\u00edve dominovaly sladk\u00e9 a tu\u010dn\u00e9 potraviny, tam mus\u00ed nastoupit zelenina. Ta m\u00e1 dv\u011b podstatn\u00e9 v\u00fdhody \u2013 neobsahuje t\u00e9m\u011b\u0159 \u017e\u00e1dn\u00e9 kalorie a je pln\u00e1 vitam\u00edn\u016f a dal\u0161\u00edch zdrav\u00ed prosp\u011b\u0161n\u00fdch l\u00e1tek. D\u00edky tomu ji m\u016f\u017eete denn\u011b spo\u0159\u00e1dat kolik budete cht\u00edt a neodraz\u00ed se to negativn\u011b na va\u0161ich tukov\u00fdch z\u00e1sob\u00e1ch.Je pot\u0159eba odborn\u00e1 pomoc?Mnoho lid\u00ed, kter\u00e9 tr\u00e1p\u00ed obezita, se zaob\u00edr\u00e1 my\u0161lenkou na vyhled\u00e1n\u00ed odborn\u00e9 pomoci. Samoz\u0159ejm\u011b, \u017ee nikdy nen\u00ed od v\u011bci nav\u0161t\u00edvit dietologa \u010di alespo\u0148 v\u00fd\u017eivov\u00e9ho poradce, ov\u0161em nen\u00ed to v\u017edy nutn\u00e9. V p\u0159\u00edpad\u011b, \u017ee si nastav\u00edte reduk\u010dn\u00ed dietu dob\u0159e a budete dodr\u017eovat v\u0161echny z\u00e1sady zdrav\u00e9ho \u017eivota, je vysoce nepravd\u011bpodobn\u00e9, \u017ee byste neza\u010dali ub\u00edrat na v\u00e1ze. N\u011bco jin\u00e9ho by bylo, kdy va\u0161e snahy nebyly korunov\u00e1ny alespo\u0148 d\u00edl\u010d\u00edm \u00fasp\u011bchem.                                                                                                                                                                                                                                                                                                                                                                                           4.4\/5 - (8 votes)        "},{"@context":"https:\/\/schema.org\/","@type":"BreadcrumbList","itemListElement":[{"@type":"ListItem","position":1,"name":"Zhubnout nen\u00ed z\u00e1le\u017eitost\u00ed dvou t\u00fddn\u016f","item":"https:\/\/www.gedeco.cz\/zhubnout-neni-zalezitosti-dvou-tydnu\/#breadcrumbitem"}]}]